{"@context":"https:\/\/schema.org\/","@type":"CollectionPage","@id":"https:\/\/www.man-mn.cz\/spolecnost\/#CollectionPage","headline":"Spole\u010dnost Category","description":"","url":"https:\/\/www.man-mn.cz\/spolecnost\/","hasPart":[{"@type":"Article","@id":"https:\/\/www.man-mn.cz\/jak-se-spolecnost-stavi-k-lidem-kteri-jsou-na-necem-zavisli\/","headline":"Jak se spole\u010dnost stav\u00ed k lidem, kte\u0159\u00ed jsou na n\u011b\u010dem z\u00e1visl\u00ed?","url":"https:\/\/www.man-mn.cz\/jak-se-spolecnost-stavi-k-lidem-kteri-jsou-na-necem-zavisli\/","datePublished":"2022-09-30","dateModified":"2022-09-30","mainEntityOfPage":"https:\/\/www.man-mn.cz\/jak-se-spolecnost-stavi-k-lidem-kteri-jsou-na-necem-zavisli\/","author":{"@type":"Person","@id":"https:\/\/www.man-mn.cz\/author\/#Person","name":"","url":"https:\/\/www.man-mn.cz\/author\/","identifier":1,"image":{"@type":"ImageObject","@id":"https:\/\/secure.gravatar.com\/avatar\/6eaf701939e92690bed32d6f2e2c0f9e1355f2e3837c1fb45fbfacf848239e2d?s=96&d=mm&r=g","url":"https:\/\/secure.gravatar.com\/avatar\/6eaf701939e92690bed32d6f2e2c0f9e1355f2e3837c1fb45fbfacf848239e2d?s=96&d=mm&r=g","height":96,"width":96}},"publisher":{"@type":"Organization","name":"man-mn.cz","logo":{"@type":"ImageObject","@id":"\/logo.png","url":"\/logo.png","width":600,"height":60}},"image":{"@type":"ImageObject","@id":"https:\/\/www.man-mn.cz\/wp-content\/uploads\/z%C3%A1vis.JPG","url":"https:\/\/www.man-mn.cz\/wp-content\/uploads\/z%C3%A1vis.JPG","height":0,"width":0},"keywords":null},{"@type":"Article","@id":"https:\/\/www.man-mn.cz\/nekdy-neni-na-skodu-vnimat-to-co-rika-druhy\/","headline":"N\u011bkdy nen\u00ed na \u0161kodu vn\u00edmat to, co \u0159\u00edk\u00e1 druh\u00fd","url":"https:\/\/www.man-mn.cz\/nekdy-neni-na-skodu-vnimat-to-co-rika-druhy\/","datePublished":"2022-06-06","dateModified":"2023-05-06","mainEntityOfPage":"https:\/\/www.man-mn.cz\/nekdy-neni-na-skodu-vnimat-to-co-rika-druhy\/","author":{"@type":"Person","@id":"https:\/\/www.man-mn.cz\/author\/#Person","name":"","url":"https:\/\/www.man-mn.cz\/author\/","identifier":1,"image":{"@type":"ImageObject","@id":"https:\/\/secure.gravatar.com\/avatar\/6eaf701939e92690bed32d6f2e2c0f9e1355f2e3837c1fb45fbfacf848239e2d?s=96&d=mm&r=g","url":"https:\/\/secure.gravatar.com\/avatar\/6eaf701939e92690bed32d6f2e2c0f9e1355f2e3837c1fb45fbfacf848239e2d?s=96&d=mm&r=g","height":96,"width":96}},"publisher":{"@type":"Organization","name":"man-mn.cz","logo":{"@type":"ImageObject","@id":"\/logo.png","url":"\/logo.png","width":600,"height":60}},"image":{"@type":"ImageObject","@id":"https:\/\/www.man-mn.cz\/wp-content\/uploads\/mu%C5%BEi.JPG","url":"https:\/\/www.man-mn.cz\/wp-content\/uploads\/mu%C5%BEi.JPG","height":0,"width":0},"keywords":null},{"@type":"Article","@id":"https:\/\/www.man-mn.cz\/sedm-smrtelnych-hrichu-obzerstvi\/","headline":"Sedm smrteln\u00fdch h\u0159\u00edch\u016f- ob\u017eerstv\u00ed","url":"https:\/\/www.man-mn.cz\/sedm-smrtelnych-hrichu-obzerstvi\/","datePublished":"2022-03-12","dateModified":"2023-05-06","mainEntityOfPage":"https:\/\/www.man-mn.cz\/sedm-smrtelnych-hrichu-obzerstvi\/","author":{"@type":"Person","@id":"https:\/\/www.man-mn.cz\/author\/#Person","name":"","url":"https:\/\/www.man-mn.cz\/author\/","identifier":1,"image":{"@type":"ImageObject","@id":"https:\/\/secure.gravatar.com\/avatar\/6eaf701939e92690bed32d6f2e2c0f9e1355f2e3837c1fb45fbfacf848239e2d?s=96&d=mm&r=g","url":"https:\/\/secure.gravatar.com\/avatar\/6eaf701939e92690bed32d6f2e2c0f9e1355f2e3837c1fb45fbfacf848239e2d?s=96&d=mm&r=g","height":96,"width":96}},"publisher":{"@type":"Organization","name":"man-mn.cz","logo":{"@type":"ImageObject","@id":"\/logo.png","url":"\/logo.png","width":600,"height":60}},"image":{"@type":"ImageObject","@id":"https:\/\/www.man-mn.cz\/wp-content\/uploads\/Opera%20Sn%C3%ADmek_2022-04-07_125928_www.google.com.png","url":"https:\/\/www.man-mn.cz\/wp-content\/uploads\/Opera%20Sn%C3%ADmek_2022-04-07_125928_www.google.com.png","height":0,"width":0},"keywords":null},{"@type":"Article","@id":"https:\/\/www.man-mn.cz\/jsou-lide-ve-sve-podstate-xenofobni\/","headline":"Jsou lid\u00e9 ve sv\u00e9 podstat\u011b xenofobn\u00ed?","url":"https:\/\/www.man-mn.cz\/jsou-lide-ve-sve-podstate-xenofobni\/","datePublished":"2021-09-22","dateModified":"2023-05-06","mainEntityOfPage":"https:\/\/www.man-mn.cz\/jsou-lide-ve-sve-podstate-xenofobni\/","author":{"@type":"Person","@id":"https:\/\/www.man-mn.cz\/author\/#Person","name":"","url":"https:\/\/www.man-mn.cz\/author\/","identifier":1,"image":{"@type":"ImageObject","@id":"https:\/\/secure.gravatar.com\/avatar\/6eaf701939e92690bed32d6f2e2c0f9e1355f2e3837c1fb45fbfacf848239e2d?s=96&d=mm&r=g","url":"https:\/\/secure.gravatar.com\/avatar\/6eaf701939e92690bed32d6f2e2c0f9e1355f2e3837c1fb45fbfacf848239e2d?s=96&d=mm&r=g","height":96,"width":96}},"publisher":{"@type":"Organization","name":"man-mn.cz","logo":{"@type":"ImageObject","@id":"\/logo.png","url":"\/logo.png","width":600,"height":60}},"image":{"@type":"ImageObject","@id":"https:\/\/www.man-mn.cz\/wp-content\/uploads\/rasismus1.png","url":"https:\/\/www.man-mn.cz\/wp-content\/uploads\/rasismus1.png","height":0,"width":0},"keywords":null},{"@type":"Article","@id":"https:\/\/www.man-mn.cz\/proc-mame-byt-radi-ze-zijeme-v-moderni-spolecnosti\/","headline":"Pro\u010d m\u00e1me b\u00fdt r\u00e1di, \u017ee \u017eijeme v modern\u00ed spole\u010dnosti","url":"https:\/\/www.man-mn.cz\/proc-mame-byt-radi-ze-zijeme-v-moderni-spolecnosti\/","datePublished":"2019-11-19","dateModified":"2023-05-06","mainEntityOfPage":"https:\/\/www.man-mn.cz\/proc-mame-byt-radi-ze-zijeme-v-moderni-spolecnosti\/","author":{"@type":"Person","@id":"https:\/\/www.man-mn.cz\/author\/#Person","name":"","url":"https:\/\/www.man-mn.cz\/author\/","identifier":1,"image":{"@type":"ImageObject","@id":"https:\/\/secure.gravatar.com\/avatar\/6eaf701939e92690bed32d6f2e2c0f9e1355f2e3837c1fb45fbfacf848239e2d?s=96&d=mm&r=g","url":"https:\/\/secure.gravatar.com\/avatar\/6eaf701939e92690bed32d6f2e2c0f9e1355f2e3837c1fb45fbfacf848239e2d?s=96&d=mm&r=g","height":96,"width":96}},"publisher":{"@type":"Organization","name":"man-mn.cz","logo":{"@type":"ImageObject","@id":"\/logo.png","url":"\/logo.png","width":600,"height":60}},"image":{"@type":"ImageObject","@id":"https:\/\/www.man-mn.cz\/wp-content\/uploads\/img_a361275_w3826_t1574594717.jpg","url":"https:\/\/www.man-mn.cz\/wp-content\/uploads\/img_a361275_w3826_t1574594717.jpg","height":0,"width":0},"keywords":null},{"@type":"Article","@id":"https:\/\/www.man-mn.cz\/jak-dlouho-uz-lide-ziji-na-zemi\/","headline":"Jak dlouho u\u017e lid\u00e9 \u017eij\u00ed na Zemi?","url":"https:\/\/www.man-mn.cz\/jak-dlouho-uz-lide-ziji-na-zemi\/","datePublished":"2019-10-13","dateModified":"2023-05-06","mainEntityOfPage":"https:\/\/www.man-mn.cz\/jak-dlouho-uz-lide-ziji-na-zemi\/","author":{"@type":"Person","@id":"https:\/\/www.man-mn.cz\/author\/#Person","name":"","url":"https:\/\/www.man-mn.cz\/author\/","identifier":1,"image":{"@type":"ImageObject","@id":"https:\/\/secure.gravatar.com\/avatar\/6eaf701939e92690bed32d6f2e2c0f9e1355f2e3837c1fb45fbfacf848239e2d?s=96&d=mm&r=g","url":"https:\/\/secure.gravatar.com\/avatar\/6eaf701939e92690bed32d6f2e2c0f9e1355f2e3837c1fb45fbfacf848239e2d?s=96&d=mm&r=g","height":96,"width":96}},"publisher":{"@type":"Organization","name":"man-mn.cz","logo":{"@type":"ImageObject","@id":"\/logo.png","url":"\/logo.png","width":600,"height":60}},"image":{"@type":"ImageObject","@id":"https:\/\/www.man-mn.cz\/wp-content\/uploads\/img_a357177_w3826_t1571804945.jpg","url":"https:\/\/www.man-mn.cz\/wp-content\/uploads\/img_a357177_w3826_t1571804945.jpg","height":0,"width":0},"keywords":null}]}