[{"@context":"https:\/\/schema.org\/","@type":"Article","@id":"https:\/\/www.man-mn.cz\/zapomente-na-konvence\/#Article","mainEntityOfPage":"https:\/\/www.man-mn.cz\/zapomente-na-konvence\/","headline":"Zapome\u0148te na konvence","name":"Zapome\u0148te na konvence","description":"Napadlo v\u00e1s n\u011bkdy, \u017ee byste jako dekoraci mohli pou\u017e\u00edt dekora\u010dn\u00ed l\u00e1tku na k\u0159esla nebo \u017eidle t\u0159eba s motivem komiksu a dop\u0159\u00e1li si tak zcela nekonven\u010dn\u00ed kousky n\u00e1bytku, kter\u00e9 zaru\u010den\u011b upoutaj\u00ed pozornost a vykouzl\u00ed \u00fasm\u011bv na rtech i p\u0159\u00edpadn\u00fdm n\u00e1v\u0161t\u011bvn\u00edk\u016fm? Co vy na to? I takov\u00fd oby\u010dejn\u00fd dopln\u011bk, jako je pol\u0161t\u00e1\u0159,","datePublished":"2024-12-08","dateModified":"2024-12-08","author":{"@type":"Person","@id":"https:\/\/www.man-mn.cz\/author\/#Person","name":"","url":"https:\/\/www.man-mn.cz\/author\/","identifier":1,"image":{"@type":"ImageObject","@id":"https:\/\/secure.gravatar.com\/avatar\/6eaf701939e92690bed32d6f2e2c0f9e1355f2e3837c1fb45fbfacf848239e2d?s=96&d=mm&r=g","url":"https:\/\/secure.gravatar.com\/avatar\/6eaf701939e92690bed32d6f2e2c0f9e1355f2e3837c1fb45fbfacf848239e2d?s=96&d=mm&r=g","height":96,"width":96}},"publisher":{"@type":"Organization","name":"man-mn.cz","logo":{"@type":"ImageObject","@id":"\/logo.png","url":"\/logo.png","width":600,"height":60}},"url":"https:\/\/www.man-mn.cz\/zapomente-na-konvence\/","wordCount":187,"articleBody":"Napadlo v\u00e1s n\u011bkdy, \u017ee byste jako dekoraci mohli pou\u017e\u00edt dekora\u010dn\u00ed l\u00e1tku na k\u0159esla nebo \u017eidle t\u0159eba s motivem komiksu a dop\u0159\u00e1li si tak zcela nekonven\u010dn\u00ed kousky n\u00e1bytku, kter\u00e9 zaru\u010den\u011b upoutaj\u00ed pozornost a vykouzl\u00ed \u00fasm\u011bv na rtech i p\u0159\u00edpadn\u00fdm n\u00e1v\u0161t\u011bvn\u00edk\u016fm? Co vy na to? I takov\u00fd oby\u010dejn\u00fd dopln\u011bk, jako je pol\u0161t\u00e1\u0159, m\u016f\u017ee vypadat velmi netradi\u010dn\u011b a origin\u00e1ln\u011b. Pohled na n\u011bj v\u00e1m pak ur\u010dit\u011b dok\u00e1\u017ee pozvednout n\u00e1ladu a pom\u016f\u017ee se &#8222;restartovat&#8220; po t\u011b\u017ek\u00e9m dni. Design\u00e9\u0159i se dnes opravdu p\u0159edh\u00e1n\u011bj\u00ed ve vytv\u00e1\u0159en\u00ed b\u011b\u017en\u00fdch kousk\u016f n\u00e1bytku \u010di dopl\u0148k\u016f v netradi\u010dn\u00edch tvarech a podob\u00e1ch, v rozmanitosti potahov\u00fdch l\u00e1tek a nejr\u016fzn\u011bj\u0161\u00edch dekorac\u00ed, tak\u017ee si ka\u017ed\u00fd p\u0159ijde na sv\u00e9. N\u011bkdy sta\u010d\u00ed jen n\u011bjak\u00e1 drobnost a ze stroze a &#8222;su\u0161e&#8220; p\u016fsob\u00edc\u00edho interi\u00e9ru se hned stane trochu p\u0159\u00edjemn\u011bj\u0161\u00ed a veselej\u0161\u00ed m\u00edsto.                                                                                                                                                                                                                                                                                                                                                                                        3.5\/5 - (4 votes)        "},{"@context":"https:\/\/schema.org\/","@type":"BreadcrumbList","itemListElement":[{"@type":"ListItem","position":1,"name":"Zapome\u0148te na konvence","item":"https:\/\/www.man-mn.cz\/zapomente-na-konvence\/#breadcrumbitem"}]}]