[{"@context":"https:\/\/schema.org\/","@type":"Article","@id":"https:\/\/www.man-mn.cz\/zmena-bydliste-vam-prospeje\/#Article","mainEntityOfPage":"https:\/\/www.man-mn.cz\/zmena-bydliste-vam-prospeje\/","headline":"Zm\u011bna bydli\u0161t\u011b V\u00e1m prosp\u011bje","name":"Zm\u011bna bydli\u0161t\u011b V\u00e1m prosp\u011bje","description":"Ocitli jste se pr\u00e1v\u011b v situaci, kdy mus\u00edte zm\u011bnit bydli\u0161t\u011b? Okolnosti V\u00e1s donutily k v\u00fdm\u011bn\u011b bytu za men\u0161\u00ed? Nem\u00e1te z tohoto po\u010dinu p\u0159\u00edli\u0161 velkou radost? Dokonce by se dalo \u0159\u00edci, \u017ee jste ne\u0161\u0165astn\u00ed? Je pochopiteln\u00e9, \u017ee jste v sou\u010dasn\u00e9m bydli\u0161ti pro\u017eili mnoho kr\u00e1sn\u00fdch chvil a okam\u017eik\u016f. Ale vezm\u011bte to z","datePublished":"2024-12-21","dateModified":"2024-12-21","author":{"@type":"Person","@id":"https:\/\/www.man-mn.cz\/author\/#Person","name":"","url":"https:\/\/www.man-mn.cz\/author\/","identifier":1,"image":{"@type":"ImageObject","@id":"https:\/\/secure.gravatar.com\/avatar\/6eaf701939e92690bed32d6f2e2c0f9e1355f2e3837c1fb45fbfacf848239e2d?s=96&d=mm&r=g","url":"https:\/\/secure.gravatar.com\/avatar\/6eaf701939e92690bed32d6f2e2c0f9e1355f2e3837c1fb45fbfacf848239e2d?s=96&d=mm&r=g","height":96,"width":96}},"publisher":{"@type":"Organization","name":"man-mn.cz","logo":{"@type":"ImageObject","@id":"\/logo.png","url":"\/logo.png","width":600,"height":60}},"url":"https:\/\/www.man-mn.cz\/zmena-bydliste-vam-prospeje\/","wordCount":249,"articleBody":" Ocitli jste se pr\u00e1v\u011b v situaci, kdy mus\u00edte zm\u011bnit bydli\u0161t\u011b? Okolnosti V\u00e1s donutily k v\u00fdm\u011bn\u011b bytu za men\u0161\u00ed? Nem\u00e1te z tohoto po\u010dinu p\u0159\u00edli\u0161 velkou radost? Dokonce by se dalo \u0159\u00edci, \u017ee jste ne\u0161\u0165astn\u00ed? Je pochopiteln\u00e9, \u017ee jste v sou\u010dasn\u00e9m bydli\u0161ti pro\u017eili mnoho kr\u00e1sn\u00fdch chvil a okam\u017eik\u016f. Ale vezm\u011bte to z t\u00e9 druh\u00e9 str\u00e1nky. Neut\u00e1p\u011bjte se ve vzpom\u00ednk\u00e1ch. Bu\u010fte optimista a \u0159ekn\u011bte si, \u017ee za\u010d\u00edn\u00e1te nov\u00fd \u017eivot. \u017de V\u00e1m zm\u011bna bydli\u0161t\u011b bude jen ku prosp\u011bchu. Takov\u00e1 zm\u011bna by V\u00e1m m\u011bla vl\u00edt novou krev do \u017eil. D\u00edvejte se na sv\u011bt optimisticky Pod\u00edvejte, kr\u00e1sn\u00e9 a dojemn\u00e9 vzpom\u00ednky si vezm\u011bte s sebou do nov\u00e9ho bytu, a ty smutn\u011bj\u0161\u00ed zanechte tam, kde jsou. Tr\u00e1p\u00ed V\u00e1s je\u0161t\u011b n\u011bco? Mysl\u00edte ten samotn\u00fd proces p\u0159est\u011bhov\u00e1n\u00ed se do nov\u00e9ho? To V\u00e1s tr\u00e1p\u00ed tak\u00e9? Co ud\u011bl\u00e1te se v\u0161emi t\u011bmi v\u011bcmi? P\u0159ece jen v\u0161echno s sebou vz\u00edt nem\u016f\u017eete, to je jasn\u00e9. Tak si ud\u011blejte chvilku na to, abyste vy\u010dlenili, bez \u010deho se v nov\u00e9m byt\u011b neobejdete, a pak u\u017e nechte v\u0161echno ostatn\u00ed na profesion\u00e1ln\u00ed part\u011b lid\u00ed, kte\u0159\u00ed V\u00e1\u0161 domov p\u0159em\u00edst\u00ed. Jednodu\u0161e p\u0159enechte starost jin\u00fdm.                                                                                                                                                                                                                                                                                                                                                                                         4.7\/5 - (3 votes)        "},{"@context":"https:\/\/schema.org\/","@type":"BreadcrumbList","itemListElement":[{"@type":"ListItem","position":1,"name":"Zm\u011bna bydli\u0161t\u011b V\u00e1m prosp\u011bje","item":"https:\/\/www.man-mn.cz\/zmena-bydliste-vam-prospeje\/#breadcrumbitem"}]}]